{"id":4473,"date":"2019-04-12T10:54:41","date_gmt":"2019-04-12T10:54:41","guid":{"rendered":"https:\/\/www.sesamomoda.com\/?p=4473"},"modified":"2019-04-12T10:54:43","modified_gmt":"2019-04-12T10:54:43","slug":"leaves","status":"publish","type":"post","link":"https:\/\/sesamomoda.com\/eus\/leaves\/","title":{"rendered":"LEAVES"},"content":{"rendered":"<h2 class=\"wp-block-heading\" style=\"text-align:center\">Leaves es el estampado que m\u00e1s nos gusta de la nueva colecci\u00f3n de primavera-verano by Pepaloves<\/h2>\n\n\n\n<div class=\"wp-block-image\"><figure class=\"aligncenter\"><img fetchpriority=\"high\" decoding=\"async\" width=\"1024\" height=\"1024\" src=\"https:\/\/sesamomoda.com\/wp-content\/uploads\/2019\/04\/55627803_10155831412521191_8277258709403435008_o-1024x1024.jpg\" alt=\"PEPALOVES\" class=\"wp-image-4476\" srcset=\"https:\/\/sesamomoda.com\/wp-content\/uploads\/2019\/04\/55627803_10155831412521191_8277258709403435008_o-1024x1024.jpg 1024w, https:\/\/sesamomoda.com\/wp-content\/uploads\/2019\/04\/55627803_10155831412521191_8277258709403435008_o-300x300.jpg 300w, https:\/\/sesamomoda.com\/wp-content\/uploads\/2019\/04\/55627803_10155831412521191_8277258709403435008_o-100x100.jpg 100w, https:\/\/sesamomoda.com\/wp-content\/uploads\/2019\/04\/55627803_10155831412521191_8277258709403435008_o-600x600.jpg 600w, https:\/\/sesamomoda.com\/wp-content\/uploads\/2019\/04\/55627803_10155831412521191_8277258709403435008_o-150x150.jpg 150w, https:\/\/sesamomoda.com\/wp-content\/uploads\/2019\/04\/55627803_10155831412521191_8277258709403435008_o-768x768.jpg 768w, https:\/\/sesamomoda.com\/wp-content\/uploads\/2019\/04\/55627803_10155831412521191_8277258709403435008_o-324x324.jpg 324w, https:\/\/sesamomoda.com\/wp-content\/uploads\/2019\/04\/55627803_10155831412521191_8277258709403435008_o-416x416.jpg 416w, https:\/\/sesamomoda.com\/wp-content\/uploads\/2019\/04\/55627803_10155831412521191_8277258709403435008_o.jpg 1600w\" sizes=\"(max-width: 1024px) 100vw, 1024px\" \/><\/figure><\/div>\n\n\n\n<h2 class=\"wp-block-heading\" style=\"text-align:center\">&#8230;.como todos los a\u00f1os nos sorprende el aurea naif y sencilla a la vez que desprende las prendas de Pepaloves <\/h2>\n\n\n\n<div class=\"wp-block-image\"><figure class=\"aligncenter\"><img decoding=\"async\" width=\"1024\" height=\"1024\" src=\"https:\/\/sesamomoda.com\/wp-content\/uploads\/2019\/04\/55481524_10155831421531191_1579198490498564096_o-1024x1024.jpg\" alt=\"PEPALOVES\" class=\"wp-image-4477\" srcset=\"https:\/\/sesamomoda.com\/wp-content\/uploads\/2019\/04\/55481524_10155831421531191_1579198490498564096_o-1024x1024.jpg 1024w, https:\/\/sesamomoda.com\/wp-content\/uploads\/2019\/04\/55481524_10155831421531191_1579198490498564096_o-300x300.jpg 300w, https:\/\/sesamomoda.com\/wp-content\/uploads\/2019\/04\/55481524_10155831421531191_1579198490498564096_o-100x100.jpg 100w, https:\/\/sesamomoda.com\/wp-content\/uploads\/2019\/04\/55481524_10155831421531191_1579198490498564096_o-600x600.jpg 600w, https:\/\/sesamomoda.com\/wp-content\/uploads\/2019\/04\/55481524_10155831421531191_1579198490498564096_o-150x150.jpg 150w, https:\/\/sesamomoda.com\/wp-content\/uploads\/2019\/04\/55481524_10155831421531191_1579198490498564096_o-768x768.jpg 768w, https:\/\/sesamomoda.com\/wp-content\/uploads\/2019\/04\/55481524_10155831421531191_1579198490498564096_o-324x324.jpg 324w, https:\/\/sesamomoda.com\/wp-content\/uploads\/2019\/04\/55481524_10155831421531191_1579198490498564096_o-416x416.jpg 416w, https:\/\/sesamomoda.com\/wp-content\/uploads\/2019\/04\/55481524_10155831421531191_1579198490498564096_o.jpg 1600w\" sizes=\"(max-width: 1024px) 100vw, 1024px\" \/><\/figure><\/div>\n\n\n\n<h2 class=\"wp-block-heading\" style=\"text-align:center\">&#8230;pepaloves es nuestra marca fetiche ,llevamos mas de 15 a\u00f1os vendiendo en cada temporada sus colecciones <\/h2>\n\n\n\n<div class=\"wp-block-image\"><figure class=\"aligncenter\"><img decoding=\"async\" width=\"707\" height=\"713\" src=\"https:\/\/sesamomoda.com\/wp-content\/uploads\/2019\/04\/56652867_10155847023866191_7106083671097999360_n.jpg\" alt=\"PEPALOVES\" class=\"wp-image-4478\" srcset=\"https:\/\/sesamomoda.com\/wp-content\/uploads\/2019\/04\/56652867_10155847023866191_7106083671097999360_n.jpg 707w, https:\/\/sesamomoda.com\/wp-content\/uploads\/2019\/04\/56652867_10155847023866191_7106083671097999360_n-100x100.jpg 100w, https:\/\/sesamomoda.com\/wp-content\/uploads\/2019\/04\/56652867_10155847023866191_7106083671097999360_n-600x605.jpg 600w, https:\/\/sesamomoda.com\/wp-content\/uploads\/2019\/04\/56652867_10155847023866191_7106083671097999360_n-150x150.jpg 150w, https:\/\/sesamomoda.com\/wp-content\/uploads\/2019\/04\/56652867_10155847023866191_7106083671097999360_n-297x300.jpg 297w, https:\/\/sesamomoda.com\/wp-content\/uploads\/2019\/04\/56652867_10155847023866191_7106083671097999360_n-416x420.jpg 416w\" sizes=\"(max-width: 707px) 100vw, 707px\" \/><\/figure><\/div>\n\n\n\n<h2 class=\"wp-block-heading\" style=\"text-align:center\">&#8230;.el estampado LEAVES los puedes encontrar en faldas ,vestidos,blusas o tops,todo ellos los tenemos en nuestra web<\/h2>\n\n\n\n<div class=\"wp-block-image\"><figure class=\"aligncenter\"><img loading=\"lazy\" decoding=\"async\" width=\"640\" height=\"640\" src=\"https:\/\/sesamomoda.com\/wp-content\/uploads\/2019\/04\/55575858_10155838893746191_1152157189406720000_n-1.jpg\" alt=\"\" class=\"wp-image-4482\" srcset=\"https:\/\/sesamomoda.com\/wp-content\/uploads\/2019\/04\/55575858_10155838893746191_1152157189406720000_n-1.jpg 640w, https:\/\/sesamomoda.com\/wp-content\/uploads\/2019\/04\/55575858_10155838893746191_1152157189406720000_n-1-300x300.jpg 300w, https:\/\/sesamomoda.com\/wp-content\/uploads\/2019\/04\/55575858_10155838893746191_1152157189406720000_n-1-100x100.jpg 100w, https:\/\/sesamomoda.com\/wp-content\/uploads\/2019\/04\/55575858_10155838893746191_1152157189406720000_n-1-600x600.jpg 600w, https:\/\/sesamomoda.com\/wp-content\/uploads\/2019\/04\/55575858_10155838893746191_1152157189406720000_n-1-150x150.jpg 150w, https:\/\/sesamomoda.com\/wp-content\/uploads\/2019\/04\/55575858_10155838893746191_1152157189406720000_n-1-324x324.jpg 324w, https:\/\/sesamomoda.com\/wp-content\/uploads\/2019\/04\/55575858_10155838893746191_1152157189406720000_n-1-416x416.jpg 416w\" sizes=\"(max-width: 640px) 100vw, 640px\" \/><\/figure><\/div>","protected":false},"excerpt":{"rendered":"<p>Leaves es el estampado que m\u00e1s nos gusta de la nueva colecci\u00f3n de primavera-verano by Pepaloves &#8230;.como todos los a\u00f1os nos sorprende el aurea naif y sencilla a la vez que desprende las prendas de Pepaloves &#8230;pepaloves es nuestra marca fetiche ,llevamos mas de 15 a\u00f1os vendiendo en cada temporada sus colecciones &#8230;.el estampado LEAVES [&hellip;]<\/p>\n","protected":false},"author":1,"featured_media":4474,"comment_status":"open","ping_status":"closed","sticky":false,"template":"","format":"standard","meta":{"_jetpack_memberships_contains_paid_content":false,"footnotes":""},"categories":[17],"tags":[61],"class_list":["post-4473","post","type-post","status-publish","format-standard","has-post-thumbnail","hentry","category-moda","tag-pepaloves"],"yoast_head":"<!-- This site is optimized with the Yoast SEO plugin v27.5 - https:\/\/yoast.com\/product\/yoast-seo-wordpress\/ -->\n<title>LEAVES - Sesamo Moda<\/title>\n<meta name=\"robots\" content=\"index, follow, max-snippet:-1, max-image-preview:large, max-video-preview:-1\" \/>\n<link rel=\"canonical\" href=\"https:\/\/sesamomoda.com\/eus\/leaves\/\" \/>\n<meta property=\"og:locale\" content=\"en_US\" \/>\n<meta property=\"og:type\" content=\"article\" \/>\n<meta property=\"og:title\" content=\"LEAVES - Sesamo Moda\" \/>\n<meta property=\"og:description\" content=\"Leaves es el estampado que m\u00e1s nos gusta de la nueva colecci\u00f3n de primavera-verano by Pepaloves &#8230;.como todos los a\u00f1os nos sorprende el aurea naif y sencilla a la vez que desprende las prendas de Pepaloves &#8230;pepaloves es nuestra marca fetiche ,llevamos mas de 15 a\u00f1os vendiendo en cada temporada sus colecciones &#8230;.el estampado LEAVES [&hellip;]\" \/>\n<meta property=\"og:url\" content=\"https:\/\/sesamomoda.com\/eus\/leaves\/\" \/>\n<meta property=\"og:site_name\" content=\"Sesamo Moda\" \/>\n<meta property=\"article:publisher\" content=\"https:\/\/www.facebook.com\/SesamoModa\/\" \/>\n<meta property=\"article:author\" content=\"https:\/\/www.facebook.com\/SesamoModa\/\" \/>\n<meta property=\"article:published_time\" content=\"2019-04-12T10:54:41+00:00\" \/>\n<meta property=\"article:modified_time\" content=\"2019-04-12T10:54:43+00:00\" \/>\n<meta property=\"og:image\" content=\"https:\/\/sesamomoda.com\/wp-content\/uploads\/2019\/04\/desfile-burberry-carolina-herrera-ny-michael-kors-versace-650x325.jpg\" \/>\n\t<meta property=\"og:image:width\" content=\"650\" \/>\n\t<meta property=\"og:image:height\" content=\"325\" \/>\n\t<meta property=\"og:image:type\" content=\"image\/jpeg\" \/>\n<meta name=\"author\" content=\"sesamomoda\" \/>\n<meta name=\"twitter:card\" content=\"summary_large_image\" \/>\n<meta name=\"twitter:label1\" content=\"Written by\" \/>\n\t<meta name=\"twitter:data1\" content=\"sesamomoda\" \/>\n<script type=\"application\/ld+json\" class=\"yoast-schema-graph\">{\"@context\":\"https:\\\/\\\/schema.org\",\"@graph\":[{\"@type\":\"Article\",\"@id\":\"https:\\\/\\\/sesamomoda.com\\\/leaves\\\/#article\",\"isPartOf\":{\"@id\":\"https:\\\/\\\/sesamomoda.com\\\/leaves\\\/\"},\"author\":{\"name\":\"sesamomoda\",\"@id\":\"https:\\\/\\\/sesamomoda.com\\\/#\\\/schema\\\/person\\\/9cbaafd62486d78c4ee5df811060b29a\"},\"headline\":\"LEAVES\",\"datePublished\":\"2019-04-12T10:54:41+00:00\",\"dateModified\":\"2019-04-12T10:54:43+00:00\",\"mainEntityOfPage\":{\"@id\":\"https:\\\/\\\/sesamomoda.com\\\/leaves\\\/\"},\"wordCount\":75,\"commentCount\":0,\"publisher\":{\"@id\":\"https:\\\/\\\/sesamomoda.com\\\/#organization\"},\"image\":{\"@id\":\"https:\\\/\\\/sesamomoda.com\\\/leaves\\\/#primaryimage\"},\"thumbnailUrl\":\"https:\\\/\\\/sesamomoda.com\\\/wp-content\\\/uploads\\\/2019\\\/04\\\/desfile-burberry-carolina-herrera-ny-michael-kors-versace-650x325.jpg\",\"keywords\":[\"pepaloves\"],\"articleSection\":[\"MODA\"],\"inLanguage\":\"eu\",\"potentialAction\":[{\"@type\":\"CommentAction\",\"name\":\"Comment\",\"target\":[\"https:\\\/\\\/sesamomoda.com\\\/leaves\\\/#respond\"]}]},{\"@type\":\"WebPage\",\"@id\":\"https:\\\/\\\/sesamomoda.com\\\/leaves\\\/\",\"url\":\"https:\\\/\\\/sesamomoda.com\\\/leaves\\\/\",\"name\":\"LEAVES - Sesamo Moda\",\"isPartOf\":{\"@id\":\"https:\\\/\\\/sesamomoda.com\\\/#website\"},\"primaryImageOfPage\":{\"@id\":\"https:\\\/\\\/sesamomoda.com\\\/leaves\\\/#primaryimage\"},\"image\":{\"@id\":\"https:\\\/\\\/sesamomoda.com\\\/leaves\\\/#primaryimage\"},\"thumbnailUrl\":\"https:\\\/\\\/sesamomoda.com\\\/wp-content\\\/uploads\\\/2019\\\/04\\\/desfile-burberry-carolina-herrera-ny-michael-kors-versace-650x325.jpg\",\"datePublished\":\"2019-04-12T10:54:41+00:00\",\"dateModified\":\"2019-04-12T10:54:43+00:00\",\"breadcrumb\":{\"@id\":\"https:\\\/\\\/sesamomoda.com\\\/leaves\\\/#breadcrumb\"},\"inLanguage\":\"eu\",\"potentialAction\":[{\"@type\":\"ReadAction\",\"target\":[\"https:\\\/\\\/sesamomoda.com\\\/leaves\\\/\"]}]},{\"@type\":\"ImageObject\",\"inLanguage\":\"eu\",\"@id\":\"https:\\\/\\\/sesamomoda.com\\\/leaves\\\/#primaryimage\",\"url\":\"https:\\\/\\\/sesamomoda.com\\\/wp-content\\\/uploads\\\/2019\\\/04\\\/desfile-burberry-carolina-herrera-ny-michael-kors-versace-650x325.jpg\",\"contentUrl\":\"https:\\\/\\\/sesamomoda.com\\\/wp-content\\\/uploads\\\/2019\\\/04\\\/desfile-burberry-carolina-herrera-ny-michael-kors-versace-650x325.jpg\",\"width\":650,\"height\":325,\"caption\":\"PEPALOVES\"},{\"@type\":\"BreadcrumbList\",\"@id\":\"https:\\\/\\\/sesamomoda.com\\\/leaves\\\/#breadcrumb\",\"itemListElement\":[{\"@type\":\"ListItem\",\"position\":1,\"name\":\"Portada\",\"item\":\"https:\\\/\\\/sesamomoda.com\\\/\"},{\"@type\":\"ListItem\",\"position\":2,\"name\":\"LEAVES\"}]},{\"@type\":\"WebSite\",\"@id\":\"https:\\\/\\\/sesamomoda.com\\\/#website\",\"url\":\"https:\\\/\\\/sesamomoda.com\\\/\",\"name\":\"Sesamo Moda\",\"description\":\"Sesamo Moda\",\"publisher\":{\"@id\":\"https:\\\/\\\/sesamomoda.com\\\/#organization\"},\"potentialAction\":[{\"@type\":\"SearchAction\",\"target\":{\"@type\":\"EntryPoint\",\"urlTemplate\":\"https:\\\/\\\/sesamomoda.com\\\/?s={search_term_string}\"},\"query-input\":{\"@type\":\"PropertyValueSpecification\",\"valueRequired\":true,\"valueName\":\"search_term_string\"}}],\"inLanguage\":\"eu\"},{\"@type\":\"Organization\",\"@id\":\"https:\\\/\\\/sesamomoda.com\\\/#organization\",\"name\":\"Sesamo Moda\",\"url\":\"https:\\\/\\\/sesamomoda.com\\\/\",\"logo\":{\"@type\":\"ImageObject\",\"inLanguage\":\"eu\",\"@id\":\"https:\\\/\\\/sesamomoda.com\\\/#\\\/schema\\\/logo\\\/image\\\/\",\"url\":\"https:\\\/\\\/sesamomoda.com\\\/wp-content\\\/uploads\\\/2023\\\/11\\\/cropped-Logo-sesamomoda_Mesa-de-trabajo-1.png\",\"contentUrl\":\"https:\\\/\\\/sesamomoda.com\\\/wp-content\\\/uploads\\\/2023\\\/11\\\/cropped-Logo-sesamomoda_Mesa-de-trabajo-1.png\",\"width\":1920,\"height\":397,\"caption\":\"Sesamo Moda\"},\"image\":{\"@id\":\"https:\\\/\\\/sesamomoda.com\\\/#\\\/schema\\\/logo\\\/image\\\/\"},\"sameAs\":[\"https:\\\/\\\/www.facebook.com\\\/SesamoModa\\\/\",\"https:\\\/\\\/www.instagram.com\\\/sesamomoda\\\/\"]},{\"@type\":\"Person\",\"@id\":\"https:\\\/\\\/sesamomoda.com\\\/#\\\/schema\\\/person\\\/9cbaafd62486d78c4ee5df811060b29a\",\"name\":\"sesamomoda\",\"image\":{\"@type\":\"ImageObject\",\"inLanguage\":\"eu\",\"@id\":\"https:\\\/\\\/secure.gravatar.com\\\/avatar\\\/524df008767a9ec49862e969a5b0f8b6a00b45512120a49482cffd62408dfe0e?s=96&d=mm&r=g\",\"url\":\"https:\\\/\\\/secure.gravatar.com\\\/avatar\\\/524df008767a9ec49862e969a5b0f8b6a00b45512120a49482cffd62408dfe0e?s=96&d=mm&r=g\",\"contentUrl\":\"https:\\\/\\\/secure.gravatar.com\\\/avatar\\\/524df008767a9ec49862e969a5b0f8b6a00b45512120a49482cffd62408dfe0e?s=96&d=mm&r=g\",\"caption\":\"sesamomoda\"},\"sameAs\":[\"http:\\\/\\\/www.sesamomoda.com\",\"https:\\\/\\\/www.facebook.com\\\/SesamoModa\\\/\"],\"url\":\"https:\\\/\\\/sesamomoda.com\\\/eus\\\/author\\\/sesamomoda\\\/\"}]}<\/script>\n<!-- \/ Yoast SEO plugin. -->","yoast_head_json":{"title":"LEAVES - Sesamo Moda","robots":{"index":"index","follow":"follow","max-snippet":"max-snippet:-1","max-image-preview":"max-image-preview:large","max-video-preview":"max-video-preview:-1"},"canonical":"https:\/\/sesamomoda.com\/eus\/leaves\/","og_locale":"en_US","og_type":"article","og_title":"LEAVES - Sesamo Moda","og_description":"Leaves es el estampado que m\u00e1s nos gusta de la nueva colecci\u00f3n de primavera-verano by Pepaloves &#8230;.como todos los a\u00f1os nos sorprende el aurea naif y sencilla a la vez que desprende las prendas de Pepaloves &#8230;pepaloves es nuestra marca fetiche ,llevamos mas de 15 a\u00f1os vendiendo en cada temporada sus colecciones &#8230;.el estampado LEAVES [&hellip;]","og_url":"https:\/\/sesamomoda.com\/eus\/leaves\/","og_site_name":"Sesamo Moda","article_publisher":"https:\/\/www.facebook.com\/SesamoModa\/","article_author":"https:\/\/www.facebook.com\/SesamoModa\/","article_published_time":"2019-04-12T10:54:41+00:00","article_modified_time":"2019-04-12T10:54:43+00:00","og_image":[{"width":650,"height":325,"url":"https:\/\/sesamomoda.com\/wp-content\/uploads\/2019\/04\/desfile-burberry-carolina-herrera-ny-michael-kors-versace-650x325.jpg","type":"image\/jpeg"}],"author":"sesamomoda","twitter_card":"summary_large_image","twitter_misc":{"Written by":"sesamomoda"},"schema":{"@context":"https:\/\/schema.org","@graph":[{"@type":"Article","@id":"https:\/\/sesamomoda.com\/leaves\/#article","isPartOf":{"@id":"https:\/\/sesamomoda.com\/leaves\/"},"author":{"name":"sesamomoda","@id":"https:\/\/sesamomoda.com\/#\/schema\/person\/9cbaafd62486d78c4ee5df811060b29a"},"headline":"LEAVES","datePublished":"2019-04-12T10:54:41+00:00","dateModified":"2019-04-12T10:54:43+00:00","mainEntityOfPage":{"@id":"https:\/\/sesamomoda.com\/leaves\/"},"wordCount":75,"commentCount":0,"publisher":{"@id":"https:\/\/sesamomoda.com\/#organization"},"image":{"@id":"https:\/\/sesamomoda.com\/leaves\/#primaryimage"},"thumbnailUrl":"https:\/\/sesamomoda.com\/wp-content\/uploads\/2019\/04\/desfile-burberry-carolina-herrera-ny-michael-kors-versace-650x325.jpg","keywords":["pepaloves"],"articleSection":["MODA"],"inLanguage":"eu","potentialAction":[{"@type":"CommentAction","name":"Comment","target":["https:\/\/sesamomoda.com\/leaves\/#respond"]}]},{"@type":"WebPage","@id":"https:\/\/sesamomoda.com\/leaves\/","url":"https:\/\/sesamomoda.com\/leaves\/","name":"LEAVES - Sesamo Moda","isPartOf":{"@id":"https:\/\/sesamomoda.com\/#website"},"primaryImageOfPage":{"@id":"https:\/\/sesamomoda.com\/leaves\/#primaryimage"},"image":{"@id":"https:\/\/sesamomoda.com\/leaves\/#primaryimage"},"thumbnailUrl":"https:\/\/sesamomoda.com\/wp-content\/uploads\/2019\/04\/desfile-burberry-carolina-herrera-ny-michael-kors-versace-650x325.jpg","datePublished":"2019-04-12T10:54:41+00:00","dateModified":"2019-04-12T10:54:43+00:00","breadcrumb":{"@id":"https:\/\/sesamomoda.com\/leaves\/#breadcrumb"},"inLanguage":"eu","potentialAction":[{"@type":"ReadAction","target":["https:\/\/sesamomoda.com\/leaves\/"]}]},{"@type":"ImageObject","inLanguage":"eu","@id":"https:\/\/sesamomoda.com\/leaves\/#primaryimage","url":"https:\/\/sesamomoda.com\/wp-content\/uploads\/2019\/04\/desfile-burberry-carolina-herrera-ny-michael-kors-versace-650x325.jpg","contentUrl":"https:\/\/sesamomoda.com\/wp-content\/uploads\/2019\/04\/desfile-burberry-carolina-herrera-ny-michael-kors-versace-650x325.jpg","width":650,"height":325,"caption":"PEPALOVES"},{"@type":"BreadcrumbList","@id":"https:\/\/sesamomoda.com\/leaves\/#breadcrumb","itemListElement":[{"@type":"ListItem","position":1,"name":"Portada","item":"https:\/\/sesamomoda.com\/"},{"@type":"ListItem","position":2,"name":"LEAVES"}]},{"@type":"WebSite","@id":"https:\/\/sesamomoda.com\/#website","url":"https:\/\/sesamomoda.com\/","name":"Sesamo Moda","description":"Sesamo Moda","publisher":{"@id":"https:\/\/sesamomoda.com\/#organization"},"potentialAction":[{"@type":"SearchAction","target":{"@type":"EntryPoint","urlTemplate":"https:\/\/sesamomoda.com\/?s={search_term_string}"},"query-input":{"@type":"PropertyValueSpecification","valueRequired":true,"valueName":"search_term_string"}}],"inLanguage":"eu"},{"@type":"Organization","@id":"https:\/\/sesamomoda.com\/#organization","name":"Sesamo Moda","url":"https:\/\/sesamomoda.com\/","logo":{"@type":"ImageObject","inLanguage":"eu","@id":"https:\/\/sesamomoda.com\/#\/schema\/logo\/image\/","url":"https:\/\/sesamomoda.com\/wp-content\/uploads\/2023\/11\/cropped-Logo-sesamomoda_Mesa-de-trabajo-1.png","contentUrl":"https:\/\/sesamomoda.com\/wp-content\/uploads\/2023\/11\/cropped-Logo-sesamomoda_Mesa-de-trabajo-1.png","width":1920,"height":397,"caption":"Sesamo Moda"},"image":{"@id":"https:\/\/sesamomoda.com\/#\/schema\/logo\/image\/"},"sameAs":["https:\/\/www.facebook.com\/SesamoModa\/","https:\/\/www.instagram.com\/sesamomoda\/"]},{"@type":"Person","@id":"https:\/\/sesamomoda.com\/#\/schema\/person\/9cbaafd62486d78c4ee5df811060b29a","name":"sesamomoda","image":{"@type":"ImageObject","inLanguage":"eu","@id":"https:\/\/secure.gravatar.com\/avatar\/524df008767a9ec49862e969a5b0f8b6a00b45512120a49482cffd62408dfe0e?s=96&d=mm&r=g","url":"https:\/\/secure.gravatar.com\/avatar\/524df008767a9ec49862e969a5b0f8b6a00b45512120a49482cffd62408dfe0e?s=96&d=mm&r=g","contentUrl":"https:\/\/secure.gravatar.com\/avatar\/524df008767a9ec49862e969a5b0f8b6a00b45512120a49482cffd62408dfe0e?s=96&d=mm&r=g","caption":"sesamomoda"},"sameAs":["http:\/\/www.sesamomoda.com","https:\/\/www.facebook.com\/SesamoModa\/"],"url":"https:\/\/sesamomoda.com\/eus\/author\/sesamomoda\/"}]}},"jetpack_featured_media_url":"https:\/\/sesamomoda.com\/wp-content\/uploads\/2019\/04\/desfile-burberry-carolina-herrera-ny-michael-kors-versace-650x325.jpg","jetpack_sharing_enabled":true,"_links":{"self":[{"href":"https:\/\/sesamomoda.com\/eus\/wp-json\/wp\/v2\/posts\/4473","targetHints":{"allow":["GET"]}}],"collection":[{"href":"https:\/\/sesamomoda.com\/eus\/wp-json\/wp\/v2\/posts"}],"about":[{"href":"https:\/\/sesamomoda.com\/eus\/wp-json\/wp\/v2\/types\/post"}],"author":[{"embeddable":true,"href":"https:\/\/sesamomoda.com\/eus\/wp-json\/wp\/v2\/users\/1"}],"replies":[{"embeddable":true,"href":"https:\/\/sesamomoda.com\/eus\/wp-json\/wp\/v2\/comments?post=4473"}],"version-history":[{"count":5,"href":"https:\/\/sesamomoda.com\/eus\/wp-json\/wp\/v2\/posts\/4473\/revisions"}],"predecessor-version":[{"id":4484,"href":"https:\/\/sesamomoda.com\/eus\/wp-json\/wp\/v2\/posts\/4473\/revisions\/4484"}],"wp:featuredmedia":[{"embeddable":true,"href":"https:\/\/sesamomoda.com\/eus\/wp-json\/wp\/v2\/media\/4474"}],"wp:attachment":[{"href":"https:\/\/sesamomoda.com\/eus\/wp-json\/wp\/v2\/media?parent=4473"}],"wp:term":[{"taxonomy":"category","embeddable":true,"href":"https:\/\/sesamomoda.com\/eus\/wp-json\/wp\/v2\/categories?post=4473"},{"taxonomy":"post_tag","embeddable":true,"href":"https:\/\/sesamomoda.com\/eus\/wp-json\/wp\/v2\/tags?post=4473"}],"curies":[{"name":"wp","href":"https:\/\/api.w.org\/{rel}","templated":true}]}}