{"id":5257,"date":"2020-06-04T17:39:04","date_gmt":"2020-06-04T17:39:04","guid":{"rendered":"https:\/\/www.sesamomoda.com\/?p=5257"},"modified":"2021-02-17T17:08:39","modified_gmt":"2021-02-17T17:08:39","slug":"ixora","status":"publish","type":"post","link":"https:\/\/sesamomoda.com\/eus\/ixora\/","title":{"rendered":"ALEL\u00cc"},"content":{"rendered":"<p class=\"has-text-align-center\">Alel\u00ec ha sido nuestra \u00faltima colecci\u00f3n,estamos a punto de despedirla ya, tal vez haya sido una de  las m\u00e1s bonitas o a las que mas cari\u00f1os le tenemos. <\/p>\n\n\n\n<div class=\"wp-block-image\"><figure class=\"aligncenter size-large\"><img fetchpriority=\"high\" decoding=\"async\" width=\"683\" height=\"1024\" src=\"https:\/\/sesamomoda.com\/wp-content\/uploads\/2021\/02\/MG_0371-683x1024.jpg\" alt=\"\" class=\"wp-image-5638\" srcset=\"https:\/\/sesamomoda.com\/wp-content\/uploads\/2021\/02\/MG_0371-683x1024.jpg 683w, https:\/\/sesamomoda.com\/wp-content\/uploads\/2021\/02\/MG_0371-600x900.jpg 600w, https:\/\/sesamomoda.com\/wp-content\/uploads\/2021\/02\/MG_0371-200x300.jpg 200w, https:\/\/sesamomoda.com\/wp-content\/uploads\/2021\/02\/MG_0371-768x1152.jpg 768w, https:\/\/sesamomoda.com\/wp-content\/uploads\/2021\/02\/MG_0371-416x624.jpg 416w, https:\/\/sesamomoda.com\/wp-content\/uploads\/2021\/02\/MG_0371.jpg 1000w\" sizes=\"(max-width: 683px) 100vw, 683px\" \/><\/figure><\/div>\n\n\n\n<p class=\"has-text-align-center\">Deb\u00e9is saber que cada a\u00f1o damos un nombre a nuestras colecci\u00f3n,como si fueran hijas las imaginamos,abrazamos ,vivimos y luego las dejamos volar vistiendo cada una de las sesameras que est\u00e1n en este mundo. <\/p>\n\n\n\n<div class=\"wp-block-image\"><figure class=\"aligncenter size-large\"><img decoding=\"async\" width=\"683\" height=\"1024\" src=\"https:\/\/sesamomoda.com\/wp-content\/uploads\/2021\/02\/MG_1479-1-683x1024.jpg\" alt=\"\" class=\"wp-image-5644\" srcset=\"https:\/\/sesamomoda.com\/wp-content\/uploads\/2021\/02\/MG_1479-1-683x1024.jpg 683w, https:\/\/sesamomoda.com\/wp-content\/uploads\/2021\/02\/MG_1479-1-600x900.jpg 600w, https:\/\/sesamomoda.com\/wp-content\/uploads\/2021\/02\/MG_1479-1-200x300.jpg 200w, https:\/\/sesamomoda.com\/wp-content\/uploads\/2021\/02\/MG_1479-1-768x1152.jpg 768w, https:\/\/sesamomoda.com\/wp-content\/uploads\/2021\/02\/MG_1479-1-416x624.jpg 416w, https:\/\/sesamomoda.com\/wp-content\/uploads\/2021\/02\/MG_1479-1.jpg 1000w\" sizes=\"(max-width: 683px) 100vw, 683px\" \/><\/figure><\/div>\n\n\n\n<p class=\"has-text-align-center\">Rafael Alberti y Garc\u00eda Lorca son solo unos de los pocos escritores que le han dedicados l\u00edneas en sus versos a esta flor.<\/p>\n\n\n\n<p class=\"has-text-align-center\"> La misma historia de la humanidad se ha embellecido creando muchos mitos y leyendas sobre el alel\u00ed.<\/p>\n\n\n\n<div class=\"wp-block-image\"><figure class=\"aligncenter size-large\"><img decoding=\"async\" width=\"683\" height=\"1024\" src=\"https:\/\/sesamomoda.com\/wp-content\/uploads\/2021\/02\/MG_2434-1-683x1024.jpg\" alt=\"\" class=\"wp-image-5645\" srcset=\"https:\/\/sesamomoda.com\/wp-content\/uploads\/2021\/02\/MG_2434-1-683x1024.jpg 683w, https:\/\/sesamomoda.com\/wp-content\/uploads\/2021\/02\/MG_2434-1-600x900.jpg 600w, https:\/\/sesamomoda.com\/wp-content\/uploads\/2021\/02\/MG_2434-1-200x300.jpg 200w, https:\/\/sesamomoda.com\/wp-content\/uploads\/2021\/02\/MG_2434-1-768x1152.jpg 768w, https:\/\/sesamomoda.com\/wp-content\/uploads\/2021\/02\/MG_2434-1-416x624.jpg 416w, https:\/\/sesamomoda.com\/wp-content\/uploads\/2021\/02\/MG_2434-1.jpg 1000w\" sizes=\"(max-width: 683px) 100vw, 683px\" \/><\/figure><\/div>\n\n\n\n<p class=\"has-text-align-center\">En seguida presentaremos nuestra nueva colecci\u00f3n primavera-verano 2021, tenemos mucha ilusi\u00f3n ,este ritual ha empezado desde el a\u00f1o 2003 y cada a\u00f1o es como el primero.<\/p>\n\n\n\n<div class=\"wp-block-image\"><figure class=\"aligncenter size-large\"><img loading=\"lazy\" decoding=\"async\" width=\"750\" height=\"750\" src=\"https:\/\/sesamomoda.com\/wp-content\/uploads\/2021\/02\/8bis_PN_KW2005.DIANE2_.B-cover-1.jpg\" alt=\"\" class=\"wp-image-5646\" srcset=\"https:\/\/sesamomoda.com\/wp-content\/uploads\/2021\/02\/8bis_PN_KW2005.DIANE2_.B-cover-1.jpg 750w, https:\/\/sesamomoda.com\/wp-content\/uploads\/2021\/02\/8bis_PN_KW2005.DIANE2_.B-cover-1-300x300.jpg 300w, https:\/\/sesamomoda.com\/wp-content\/uploads\/2021\/02\/8bis_PN_KW2005.DIANE2_.B-cover-1-100x100.jpg 100w, https:\/\/sesamomoda.com\/wp-content\/uploads\/2021\/02\/8bis_PN_KW2005.DIANE2_.B-cover-1-600x600.jpg 600w, https:\/\/sesamomoda.com\/wp-content\/uploads\/2021\/02\/8bis_PN_KW2005.DIANE2_.B-cover-1-150x150.jpg 150w, https:\/\/sesamomoda.com\/wp-content\/uploads\/2021\/02\/8bis_PN_KW2005.DIANE2_.B-cover-1-324x324.jpg 324w, https:\/\/sesamomoda.com\/wp-content\/uploads\/2021\/02\/8bis_PN_KW2005.DIANE2_.B-cover-1-416x416.jpg 416w\" sizes=\"(max-width: 750px) 100vw, 750px\" \/><\/figure><\/div>\n\n\n\n<div class=\"wp-block-image\"><figure class=\"aligncenter size-large\"><img loading=\"lazy\" decoding=\"async\" width=\"750\" height=\"750\" src=\"https:\/\/sesamomoda.com\/wp-content\/uploads\/2021\/02\/21_PN_DAISY3.DALIA9_.A-cover.jpg\" alt=\"\" class=\"wp-image-5648\" srcset=\"https:\/\/sesamomoda.com\/wp-content\/uploads\/2021\/02\/21_PN_DAISY3.DALIA9_.A-cover.jpg 750w, https:\/\/sesamomoda.com\/wp-content\/uploads\/2021\/02\/21_PN_DAISY3.DALIA9_.A-cover-300x300.jpg 300w, https:\/\/sesamomoda.com\/wp-content\/uploads\/2021\/02\/21_PN_DAISY3.DALIA9_.A-cover-100x100.jpg 100w, https:\/\/sesamomoda.com\/wp-content\/uploads\/2021\/02\/21_PN_DAISY3.DALIA9_.A-cover-600x600.jpg 600w, https:\/\/sesamomoda.com\/wp-content\/uploads\/2021\/02\/21_PN_DAISY3.DALIA9_.A-cover-150x150.jpg 150w, https:\/\/sesamomoda.com\/wp-content\/uploads\/2021\/02\/21_PN_DAISY3.DALIA9_.A-cover-324x324.jpg 324w, https:\/\/sesamomoda.com\/wp-content\/uploads\/2021\/02\/21_PN_DAISY3.DALIA9_.A-cover-416x416.jpg 416w\" sizes=\"(max-width: 750px) 100vw, 750px\" \/><\/figure><\/div>\n\n\n\n<div class=\"wp-block-image\"><figure class=\"aligncenter size-large\"><img loading=\"lazy\" decoding=\"async\" width=\"750\" height=\"750\" src=\"https:\/\/sesamomoda.com\/wp-content\/uploads\/2021\/02\/25_PN_KW2020.DALIA6_.A-cover-1.jpg\" alt=\"\" class=\"wp-image-5650\" srcset=\"https:\/\/sesamomoda.com\/wp-content\/uploads\/2021\/02\/25_PN_KW2020.DALIA6_.A-cover-1.jpg 750w, https:\/\/sesamomoda.com\/wp-content\/uploads\/2021\/02\/25_PN_KW2020.DALIA6_.A-cover-1-300x300.jpg 300w, https:\/\/sesamomoda.com\/wp-content\/uploads\/2021\/02\/25_PN_KW2020.DALIA6_.A-cover-1-100x100.jpg 100w, https:\/\/sesamomoda.com\/wp-content\/uploads\/2021\/02\/25_PN_KW2020.DALIA6_.A-cover-1-600x600.jpg 600w, https:\/\/sesamomoda.com\/wp-content\/uploads\/2021\/02\/25_PN_KW2020.DALIA6_.A-cover-1-150x150.jpg 150w, https:\/\/sesamomoda.com\/wp-content\/uploads\/2021\/02\/25_PN_KW2020.DALIA6_.A-cover-1-324x324.jpg 324w, https:\/\/sesamomoda.com\/wp-content\/uploads\/2021\/02\/25_PN_KW2020.DALIA6_.A-cover-1-416x416.jpg 416w\" sizes=\"(max-width: 750px) 100vw, 750px\" \/><\/figure><\/div>\n\n\n\n<p class=\"has-text-align-center\">Cada color ,cada prenda,cada estilismo que incluyen nuestras colecciones han sido imaginado para cada sesamera,parece incre\u00edble,pero cada vez que traemos algo a Sesamo es porque lo hemos imaginado para cada una de vosotras,este es nuestro secreto .<\/p>\n\n\n\n<div class=\"wp-block-image\"><figure class=\"aligncenter size-large\"><img loading=\"lazy\" decoding=\"async\" width=\"750\" height=\"750\" src=\"https:\/\/sesamomoda.com\/wp-content\/uploads\/2021\/02\/17_PN_DIDO3.A-cover-2.jpg\" alt=\"\" class=\"wp-image-5653\" srcset=\"https:\/\/sesamomoda.com\/wp-content\/uploads\/2021\/02\/17_PN_DIDO3.A-cover-2.jpg 750w, https:\/\/sesamomoda.com\/wp-content\/uploads\/2021\/02\/17_PN_DIDO3.A-cover-2-300x300.jpg 300w, https:\/\/sesamomoda.com\/wp-content\/uploads\/2021\/02\/17_PN_DIDO3.A-cover-2-100x100.jpg 100w, https:\/\/sesamomoda.com\/wp-content\/uploads\/2021\/02\/17_PN_DIDO3.A-cover-2-600x600.jpg 600w, https:\/\/sesamomoda.com\/wp-content\/uploads\/2021\/02\/17_PN_DIDO3.A-cover-2-150x150.jpg 150w, https:\/\/sesamomoda.com\/wp-content\/uploads\/2021\/02\/17_PN_DIDO3.A-cover-2-324x324.jpg 324w, https:\/\/sesamomoda.com\/wp-content\/uploads\/2021\/02\/17_PN_DIDO3.A-cover-2-416x416.jpg 416w\" sizes=\"(max-width: 750px) 100vw, 750px\" \/><\/figure><\/div>\n\n\n\n<p class=\"has-text-align-center\">Queridas sesameras cada vez sois mas y mas,cada a\u00f1o desde el 2003 , os mimaremos siempre, os mimaremos a cada una de vosotras.<\/p>","protected":false},"excerpt":{"rendered":"<p>Alel\u00ec ha sido nuestra \u00faltima colecci\u00f3n,estamos a punto de despedirla ya, tal vez haya sido una de las m\u00e1s bonitas o a las que mas cari\u00f1os le tenemos. Deb\u00e9is saber que cada a\u00f1o damos un nombre a nuestras colecci\u00f3n,como si fueran hijas las imaginamos,abrazamos ,vivimos y luego las dejamos volar vistiendo cada una de las [&hellip;]<\/p>\n","protected":false},"author":1,"featured_media":5658,"comment_status":"open","ping_status":"closed","sticky":false,"template":"","format":"standard","meta":{"_jetpack_memberships_contains_paid_content":false,"footnotes":""},"categories":[1],"tags":[],"class_list":["post-5257","post","type-post","status-publish","format-standard","has-post-thumbnail","hentry","category-sin-categoria"],"yoast_head":"<!-- This site is optimized with the Yoast SEO plugin v27.5 - https:\/\/yoast.com\/product\/yoast-seo-wordpress\/ -->\n<title>ALEL\u00cc - Sesamo Moda<\/title>\n<meta name=\"robots\" content=\"index, follow, max-snippet:-1, max-image-preview:large, max-video-preview:-1\" \/>\n<link rel=\"canonical\" href=\"https:\/\/sesamomoda.com\/eus\/ixora\/\" \/>\n<meta property=\"og:locale\" content=\"en_US\" \/>\n<meta property=\"og:type\" content=\"article\" \/>\n<meta property=\"og:title\" content=\"ALEL\u00cc - Sesamo Moda\" \/>\n<meta property=\"og:description\" content=\"Alel\u00ec ha sido nuestra \u00faltima colecci\u00f3n,estamos a punto de despedirla ya, tal vez haya sido una de las m\u00e1s bonitas o a las que mas cari\u00f1os le tenemos. Deb\u00e9is saber que cada a\u00f1o damos un nombre a nuestras colecci\u00f3n,como si fueran hijas las imaginamos,abrazamos ,vivimos y luego las dejamos volar vistiendo cada una de las [&hellip;]\" \/>\n<meta property=\"og:url\" content=\"https:\/\/sesamomoda.com\/eus\/ixora\/\" \/>\n<meta property=\"og:site_name\" content=\"Sesamo Moda\" \/>\n<meta property=\"article:publisher\" content=\"https:\/\/www.facebook.com\/SesamoModa\/\" \/>\n<meta property=\"article:author\" content=\"https:\/\/www.facebook.com\/SesamoModa\/\" \/>\n<meta property=\"article:published_time\" content=\"2020-06-04T17:39:04+00:00\" \/>\n<meta property=\"article:modified_time\" content=\"2021-02-17T17:08:39+00:00\" \/>\n<meta property=\"og:image\" content=\"https:\/\/sesamomoda.com\/wp-content\/uploads\/2020\/06\/Pink-and-Red-Beauty-Influencer-Asymmetrical-Overlays-Facebook-Cover-1.png\" \/>\n\t<meta property=\"og:image:width\" content=\"820\" \/>\n\t<meta property=\"og:image:height\" content=\"312\" \/>\n\t<meta property=\"og:image:type\" content=\"image\/png\" \/>\n<meta name=\"author\" content=\"sesamomoda\" \/>\n<meta name=\"twitter:card\" content=\"summary_large_image\" \/>\n<meta name=\"twitter:label1\" content=\"Written by\" \/>\n\t<meta name=\"twitter:data1\" content=\"sesamomoda\" \/>\n\t<meta name=\"twitter:label2\" content=\"Est. reading time\" \/>\n\t<meta name=\"twitter:data2\" content=\"1 minutua\" \/>\n<script type=\"application\/ld+json\" class=\"yoast-schema-graph\">{\"@context\":\"https:\\\/\\\/schema.org\",\"@graph\":[{\"@type\":\"Article\",\"@id\":\"https:\\\/\\\/sesamomoda.com\\\/ixora\\\/#article\",\"isPartOf\":{\"@id\":\"https:\\\/\\\/sesamomoda.com\\\/ixora\\\/\"},\"author\":{\"name\":\"sesamomoda\",\"@id\":\"https:\\\/\\\/sesamomoda.com\\\/#\\\/schema\\\/person\\\/9cbaafd62486d78c4ee5df811060b29a\"},\"headline\":\"ALEL\u00cc\",\"datePublished\":\"2020-06-04T17:39:04+00:00\",\"dateModified\":\"2021-02-17T17:08:39+00:00\",\"mainEntityOfPage\":{\"@id\":\"https:\\\/\\\/sesamomoda.com\\\/ixora\\\/\"},\"wordCount\":206,\"commentCount\":0,\"publisher\":{\"@id\":\"https:\\\/\\\/sesamomoda.com\\\/#organization\"},\"image\":{\"@id\":\"https:\\\/\\\/sesamomoda.com\\\/ixora\\\/#primaryimage\"},\"thumbnailUrl\":\"https:\\\/\\\/sesamomoda.com\\\/wp-content\\\/uploads\\\/2020\\\/06\\\/Pink-and-Red-Beauty-Influencer-Asymmetrical-Overlays-Facebook-Cover-1.png\",\"articleSection\":[\"Sin categor\u00eda\"],\"inLanguage\":\"eu\",\"potentialAction\":[{\"@type\":\"CommentAction\",\"name\":\"Comment\",\"target\":[\"https:\\\/\\\/sesamomoda.com\\\/ixora\\\/#respond\"]}]},{\"@type\":\"WebPage\",\"@id\":\"https:\\\/\\\/sesamomoda.com\\\/ixora\\\/\",\"url\":\"https:\\\/\\\/sesamomoda.com\\\/ixora\\\/\",\"name\":\"ALEL\u00cc - Sesamo Moda\",\"isPartOf\":{\"@id\":\"https:\\\/\\\/sesamomoda.com\\\/#website\"},\"primaryImageOfPage\":{\"@id\":\"https:\\\/\\\/sesamomoda.com\\\/ixora\\\/#primaryimage\"},\"image\":{\"@id\":\"https:\\\/\\\/sesamomoda.com\\\/ixora\\\/#primaryimage\"},\"thumbnailUrl\":\"https:\\\/\\\/sesamomoda.com\\\/wp-content\\\/uploads\\\/2020\\\/06\\\/Pink-and-Red-Beauty-Influencer-Asymmetrical-Overlays-Facebook-Cover-1.png\",\"datePublished\":\"2020-06-04T17:39:04+00:00\",\"dateModified\":\"2021-02-17T17:08:39+00:00\",\"breadcrumb\":{\"@id\":\"https:\\\/\\\/sesamomoda.com\\\/ixora\\\/#breadcrumb\"},\"inLanguage\":\"eu\",\"potentialAction\":[{\"@type\":\"ReadAction\",\"target\":[\"https:\\\/\\\/sesamomoda.com\\\/ixora\\\/\"]}]},{\"@type\":\"ImageObject\",\"inLanguage\":\"eu\",\"@id\":\"https:\\\/\\\/sesamomoda.com\\\/ixora\\\/#primaryimage\",\"url\":\"https:\\\/\\\/sesamomoda.com\\\/wp-content\\\/uploads\\\/2020\\\/06\\\/Pink-and-Red-Beauty-Influencer-Asymmetrical-Overlays-Facebook-Cover-1.png\",\"contentUrl\":\"https:\\\/\\\/sesamomoda.com\\\/wp-content\\\/uploads\\\/2020\\\/06\\\/Pink-and-Red-Beauty-Influencer-Asymmetrical-Overlays-Facebook-Cover-1.png\",\"width\":820,\"height\":312},{\"@type\":\"BreadcrumbList\",\"@id\":\"https:\\\/\\\/sesamomoda.com\\\/ixora\\\/#breadcrumb\",\"itemListElement\":[{\"@type\":\"ListItem\",\"position\":1,\"name\":\"Portada\",\"item\":\"https:\\\/\\\/sesamomoda.com\\\/\"},{\"@type\":\"ListItem\",\"position\":2,\"name\":\"ALEL\u00cc\"}]},{\"@type\":\"WebSite\",\"@id\":\"https:\\\/\\\/sesamomoda.com\\\/#website\",\"url\":\"https:\\\/\\\/sesamomoda.com\\\/\",\"name\":\"Sesamo Moda\",\"description\":\"Sesamo Moda\",\"publisher\":{\"@id\":\"https:\\\/\\\/sesamomoda.com\\\/#organization\"},\"potentialAction\":[{\"@type\":\"SearchAction\",\"target\":{\"@type\":\"EntryPoint\",\"urlTemplate\":\"https:\\\/\\\/sesamomoda.com\\\/?s={search_term_string}\"},\"query-input\":{\"@type\":\"PropertyValueSpecification\",\"valueRequired\":true,\"valueName\":\"search_term_string\"}}],\"inLanguage\":\"eu\"},{\"@type\":\"Organization\",\"@id\":\"https:\\\/\\\/sesamomoda.com\\\/#organization\",\"name\":\"Sesamo Moda\",\"url\":\"https:\\\/\\\/sesamomoda.com\\\/\",\"logo\":{\"@type\":\"ImageObject\",\"inLanguage\":\"eu\",\"@id\":\"https:\\\/\\\/sesamomoda.com\\\/#\\\/schema\\\/logo\\\/image\\\/\",\"url\":\"https:\\\/\\\/sesamomoda.com\\\/wp-content\\\/uploads\\\/2023\\\/11\\\/cropped-Logo-sesamomoda_Mesa-de-trabajo-1.png\",\"contentUrl\":\"https:\\\/\\\/sesamomoda.com\\\/wp-content\\\/uploads\\\/2023\\\/11\\\/cropped-Logo-sesamomoda_Mesa-de-trabajo-1.png\",\"width\":1920,\"height\":397,\"caption\":\"Sesamo Moda\"},\"image\":{\"@id\":\"https:\\\/\\\/sesamomoda.com\\\/#\\\/schema\\\/logo\\\/image\\\/\"},\"sameAs\":[\"https:\\\/\\\/www.facebook.com\\\/SesamoModa\\\/\",\"https:\\\/\\\/www.instagram.com\\\/sesamomoda\\\/\"]},{\"@type\":\"Person\",\"@id\":\"https:\\\/\\\/sesamomoda.com\\\/#\\\/schema\\\/person\\\/9cbaafd62486d78c4ee5df811060b29a\",\"name\":\"sesamomoda\",\"image\":{\"@type\":\"ImageObject\",\"inLanguage\":\"eu\",\"@id\":\"https:\\\/\\\/secure.gravatar.com\\\/avatar\\\/524df008767a9ec49862e969a5b0f8b6a00b45512120a49482cffd62408dfe0e?s=96&d=mm&r=g\",\"url\":\"https:\\\/\\\/secure.gravatar.com\\\/avatar\\\/524df008767a9ec49862e969a5b0f8b6a00b45512120a49482cffd62408dfe0e?s=96&d=mm&r=g\",\"contentUrl\":\"https:\\\/\\\/secure.gravatar.com\\\/avatar\\\/524df008767a9ec49862e969a5b0f8b6a00b45512120a49482cffd62408dfe0e?s=96&d=mm&r=g\",\"caption\":\"sesamomoda\"},\"sameAs\":[\"http:\\\/\\\/www.sesamomoda.com\",\"https:\\\/\\\/www.facebook.com\\\/SesamoModa\\\/\"],\"url\":\"https:\\\/\\\/sesamomoda.com\\\/eus\\\/author\\\/sesamomoda\\\/\"}]}<\/script>\n<!-- \/ Yoast SEO plugin. -->","yoast_head_json":{"title":"ALEL\u00cc - Sesamo Moda","robots":{"index":"index","follow":"follow","max-snippet":"max-snippet:-1","max-image-preview":"max-image-preview:large","max-video-preview":"max-video-preview:-1"},"canonical":"https:\/\/sesamomoda.com\/eus\/ixora\/","og_locale":"en_US","og_type":"article","og_title":"ALEL\u00cc - Sesamo Moda","og_description":"Alel\u00ec ha sido nuestra \u00faltima colecci\u00f3n,estamos a punto de despedirla ya, tal vez haya sido una de las m\u00e1s bonitas o a las que mas cari\u00f1os le tenemos. Deb\u00e9is saber que cada a\u00f1o damos un nombre a nuestras colecci\u00f3n,como si fueran hijas las imaginamos,abrazamos ,vivimos y luego las dejamos volar vistiendo cada una de las [&hellip;]","og_url":"https:\/\/sesamomoda.com\/eus\/ixora\/","og_site_name":"Sesamo Moda","article_publisher":"https:\/\/www.facebook.com\/SesamoModa\/","article_author":"https:\/\/www.facebook.com\/SesamoModa\/","article_published_time":"2020-06-04T17:39:04+00:00","article_modified_time":"2021-02-17T17:08:39+00:00","og_image":[{"width":820,"height":312,"url":"https:\/\/sesamomoda.com\/wp-content\/uploads\/2020\/06\/Pink-and-Red-Beauty-Influencer-Asymmetrical-Overlays-Facebook-Cover-1.png","type":"image\/png"}],"author":"sesamomoda","twitter_card":"summary_large_image","twitter_misc":{"Written by":"sesamomoda","Est. reading time":"1 minutua"},"schema":{"@context":"https:\/\/schema.org","@graph":[{"@type":"Article","@id":"https:\/\/sesamomoda.com\/ixora\/#article","isPartOf":{"@id":"https:\/\/sesamomoda.com\/ixora\/"},"author":{"name":"sesamomoda","@id":"https:\/\/sesamomoda.com\/#\/schema\/person\/9cbaafd62486d78c4ee5df811060b29a"},"headline":"ALEL\u00cc","datePublished":"2020-06-04T17:39:04+00:00","dateModified":"2021-02-17T17:08:39+00:00","mainEntityOfPage":{"@id":"https:\/\/sesamomoda.com\/ixora\/"},"wordCount":206,"commentCount":0,"publisher":{"@id":"https:\/\/sesamomoda.com\/#organization"},"image":{"@id":"https:\/\/sesamomoda.com\/ixora\/#primaryimage"},"thumbnailUrl":"https:\/\/sesamomoda.com\/wp-content\/uploads\/2020\/06\/Pink-and-Red-Beauty-Influencer-Asymmetrical-Overlays-Facebook-Cover-1.png","articleSection":["Sin categor\u00eda"],"inLanguage":"eu","potentialAction":[{"@type":"CommentAction","name":"Comment","target":["https:\/\/sesamomoda.com\/ixora\/#respond"]}]},{"@type":"WebPage","@id":"https:\/\/sesamomoda.com\/ixora\/","url":"https:\/\/sesamomoda.com\/ixora\/","name":"ALEL\u00cc - Sesamo Moda","isPartOf":{"@id":"https:\/\/sesamomoda.com\/#website"},"primaryImageOfPage":{"@id":"https:\/\/sesamomoda.com\/ixora\/#primaryimage"},"image":{"@id":"https:\/\/sesamomoda.com\/ixora\/#primaryimage"},"thumbnailUrl":"https:\/\/sesamomoda.com\/wp-content\/uploads\/2020\/06\/Pink-and-Red-Beauty-Influencer-Asymmetrical-Overlays-Facebook-Cover-1.png","datePublished":"2020-06-04T17:39:04+00:00","dateModified":"2021-02-17T17:08:39+00:00","breadcrumb":{"@id":"https:\/\/sesamomoda.com\/ixora\/#breadcrumb"},"inLanguage":"eu","potentialAction":[{"@type":"ReadAction","target":["https:\/\/sesamomoda.com\/ixora\/"]}]},{"@type":"ImageObject","inLanguage":"eu","@id":"https:\/\/sesamomoda.com\/ixora\/#primaryimage","url":"https:\/\/sesamomoda.com\/wp-content\/uploads\/2020\/06\/Pink-and-Red-Beauty-Influencer-Asymmetrical-Overlays-Facebook-Cover-1.png","contentUrl":"https:\/\/sesamomoda.com\/wp-content\/uploads\/2020\/06\/Pink-and-Red-Beauty-Influencer-Asymmetrical-Overlays-Facebook-Cover-1.png","width":820,"height":312},{"@type":"BreadcrumbList","@id":"https:\/\/sesamomoda.com\/ixora\/#breadcrumb","itemListElement":[{"@type":"ListItem","position":1,"name":"Portada","item":"https:\/\/sesamomoda.com\/"},{"@type":"ListItem","position":2,"name":"ALEL\u00cc"}]},{"@type":"WebSite","@id":"https:\/\/sesamomoda.com\/#website","url":"https:\/\/sesamomoda.com\/","name":"Sesamo Moda","description":"Sesamo Moda","publisher":{"@id":"https:\/\/sesamomoda.com\/#organization"},"potentialAction":[{"@type":"SearchAction","target":{"@type":"EntryPoint","urlTemplate":"https:\/\/sesamomoda.com\/?s={search_term_string}"},"query-input":{"@type":"PropertyValueSpecification","valueRequired":true,"valueName":"search_term_string"}}],"inLanguage":"eu"},{"@type":"Organization","@id":"https:\/\/sesamomoda.com\/#organization","name":"Sesamo Moda","url":"https:\/\/sesamomoda.com\/","logo":{"@type":"ImageObject","inLanguage":"eu","@id":"https:\/\/sesamomoda.com\/#\/schema\/logo\/image\/","url":"https:\/\/sesamomoda.com\/wp-content\/uploads\/2023\/11\/cropped-Logo-sesamomoda_Mesa-de-trabajo-1.png","contentUrl":"https:\/\/sesamomoda.com\/wp-content\/uploads\/2023\/11\/cropped-Logo-sesamomoda_Mesa-de-trabajo-1.png","width":1920,"height":397,"caption":"Sesamo Moda"},"image":{"@id":"https:\/\/sesamomoda.com\/#\/schema\/logo\/image\/"},"sameAs":["https:\/\/www.facebook.com\/SesamoModa\/","https:\/\/www.instagram.com\/sesamomoda\/"]},{"@type":"Person","@id":"https:\/\/sesamomoda.com\/#\/schema\/person\/9cbaafd62486d78c4ee5df811060b29a","name":"sesamomoda","image":{"@type":"ImageObject","inLanguage":"eu","@id":"https:\/\/secure.gravatar.com\/avatar\/524df008767a9ec49862e969a5b0f8b6a00b45512120a49482cffd62408dfe0e?s=96&d=mm&r=g","url":"https:\/\/secure.gravatar.com\/avatar\/524df008767a9ec49862e969a5b0f8b6a00b45512120a49482cffd62408dfe0e?s=96&d=mm&r=g","contentUrl":"https:\/\/secure.gravatar.com\/avatar\/524df008767a9ec49862e969a5b0f8b6a00b45512120a49482cffd62408dfe0e?s=96&d=mm&r=g","caption":"sesamomoda"},"sameAs":["http:\/\/www.sesamomoda.com","https:\/\/www.facebook.com\/SesamoModa\/"],"url":"https:\/\/sesamomoda.com\/eus\/author\/sesamomoda\/"}]}},"jetpack_featured_media_url":"https:\/\/sesamomoda.com\/wp-content\/uploads\/2020\/06\/Pink-and-Red-Beauty-Influencer-Asymmetrical-Overlays-Facebook-Cover-1.png","jetpack_sharing_enabled":true,"_links":{"self":[{"href":"https:\/\/sesamomoda.com\/eus\/wp-json\/wp\/v2\/posts\/5257","targetHints":{"allow":["GET"]}}],"collection":[{"href":"https:\/\/sesamomoda.com\/eus\/wp-json\/wp\/v2\/posts"}],"about":[{"href":"https:\/\/sesamomoda.com\/eus\/wp-json\/wp\/v2\/types\/post"}],"author":[{"embeddable":true,"href":"https:\/\/sesamomoda.com\/eus\/wp-json\/wp\/v2\/users\/1"}],"replies":[{"embeddable":true,"href":"https:\/\/sesamomoda.com\/eus\/wp-json\/wp\/v2\/comments?post=5257"}],"version-history":[{"count":5,"href":"https:\/\/sesamomoda.com\/eus\/wp-json\/wp\/v2\/posts\/5257\/revisions"}],"predecessor-version":[{"id":5656,"href":"https:\/\/sesamomoda.com\/eus\/wp-json\/wp\/v2\/posts\/5257\/revisions\/5656"}],"wp:featuredmedia":[{"embeddable":true,"href":"https:\/\/sesamomoda.com\/eus\/wp-json\/wp\/v2\/media\/5658"}],"wp:attachment":[{"href":"https:\/\/sesamomoda.com\/eus\/wp-json\/wp\/v2\/media?parent=5257"}],"wp:term":[{"taxonomy":"category","embeddable":true,"href":"https:\/\/sesamomoda.com\/eus\/wp-json\/wp\/v2\/categories?post=5257"},{"taxonomy":"post_tag","embeddable":true,"href":"https:\/\/sesamomoda.com\/eus\/wp-json\/wp\/v2\/tags?post=5257"}],"curies":[{"name":"wp","href":"https:\/\/api.w.org\/{rel}","templated":true}]}}