{"id":6801,"date":"2022-07-27T17:12:29","date_gmt":"2022-07-27T17:12:29","guid":{"rendered":"https:\/\/www.sesamomoda.com\/?p=6801"},"modified":"2022-07-27T17:12:30","modified_gmt":"2022-07-27T17:12:30","slug":"experience","status":"publish","type":"post","link":"https:\/\/sesamomoda.com\/eus\/experience\/","title":{"rendered":"EXPERIENCE"},"content":{"rendered":"<div class=\"wp-block-image is-style-rounded\"><figure class=\"aligncenter size-full\"><img fetchpriority=\"high\" decoding=\"async\" width=\"843\" height=\"843\" src=\"https:\/\/sesamomoda.com\/wp-content\/uploads\/2022\/07\/279019851_5113216555439922_4084050674390741204_n.jpg\" alt=\"\" class=\"wp-image-6802\" srcset=\"https:\/\/sesamomoda.com\/wp-content\/uploads\/2022\/07\/279019851_5113216555439922_4084050674390741204_n.jpg 843w, https:\/\/sesamomoda.com\/wp-content\/uploads\/2022\/07\/279019851_5113216555439922_4084050674390741204_n-300x300.jpg 300w, https:\/\/sesamomoda.com\/wp-content\/uploads\/2022\/07\/279019851_5113216555439922_4084050674390741204_n-100x100.jpg 100w, https:\/\/sesamomoda.com\/wp-content\/uploads\/2022\/07\/279019851_5113216555439922_4084050674390741204_n-600x600.jpg 600w, https:\/\/sesamomoda.com\/wp-content\/uploads\/2022\/07\/279019851_5113216555439922_4084050674390741204_n-150x150.jpg 150w, https:\/\/sesamomoda.com\/wp-content\/uploads\/2022\/07\/279019851_5113216555439922_4084050674390741204_n-768x768.jpg 768w, https:\/\/sesamomoda.com\/wp-content\/uploads\/2022\/07\/279019851_5113216555439922_4084050674390741204_n-324x324.jpg 324w, https:\/\/sesamomoda.com\/wp-content\/uploads\/2022\/07\/279019851_5113216555439922_4084050674390741204_n-416x416.jpg 416w\" sizes=\"(max-width: 843px) 100vw, 843px\" \/><\/figure><\/div>\n\n\n\n<p class=\"has-text-align-center\">Es la ma\u00f1ana llena de tempestad<\/p>\n\n\n\n<p class=\"has-text-align-center\">en el coraz\u00f3n del verano.<\/p>\n\n\n\n<p class=\"has-text-align-center\">Como pa\u00f1uelos blancos de adi\u00f3s viajan las nubes,<\/p>\n\n\n\n<p class=\"has-text-align-center\">el viento las sacude con sus viajeras manos.<\/p>\n\n\n\n<p class=\"has-text-align-center\">Innumerable coraz\u00f3n del viento<\/p>\n\n\n\n<p class=\"has-text-align-center\">latiendo sobre nuestro silencio enamorado.<\/p>\n\n\n\n<div class=\"wp-block-image is-style-rounded\"><figure class=\"aligncenter size-large\"><img decoding=\"async\" width=\"1024\" height=\"683\" src=\"https:\/\/sesamomoda.com\/wp-content\/uploads\/2022\/07\/282517038_5184722181622692_1610039050954983148_n-1024x683.jpg\" alt=\"\" class=\"wp-image-6803\" srcset=\"https:\/\/sesamomoda.com\/wp-content\/uploads\/2022\/07\/282517038_5184722181622692_1610039050954983148_n-1024x683.jpg 1024w, https:\/\/sesamomoda.com\/wp-content\/uploads\/2022\/07\/282517038_5184722181622692_1610039050954983148_n-600x400.jpg 600w, https:\/\/sesamomoda.com\/wp-content\/uploads\/2022\/07\/282517038_5184722181622692_1610039050954983148_n-300x200.jpg 300w, https:\/\/sesamomoda.com\/wp-content\/uploads\/2022\/07\/282517038_5184722181622692_1610039050954983148_n-768x512.jpg 768w, https:\/\/sesamomoda.com\/wp-content\/uploads\/2022\/07\/282517038_5184722181622692_1610039050954983148_n-1536x1024.jpg 1536w, https:\/\/sesamomoda.com\/wp-content\/uploads\/2022\/07\/282517038_5184722181622692_1610039050954983148_n-416x277.jpg 416w, https:\/\/sesamomoda.com\/wp-content\/uploads\/2022\/07\/282517038_5184722181622692_1610039050954983148_n.jpg 2048w\" sizes=\"(max-width: 1024px) 100vw, 1024px\" \/><\/figure><\/div>\n\n\n\n<p class=\"has-text-align-center\">Zumbando entre los \u00e1rboles, orquestal y divino,<\/p>\n\n\n\n<p class=\"has-text-align-center\">como una lengua llena de guerras y de cantos.<\/p>\n\n\n\n<p class=\"has-text-align-center\">Viento que lleva en r\u00e1pido robo la hojarasca<\/p>\n\n\n\n<p class=\"has-text-align-center\">y desv\u00eda las flechas latientes de los p\u00e1jaros.<\/p>\n\n\n\n<div class=\"wp-block-image is-style-rounded\"><figure class=\"aligncenter size-large\"><img decoding=\"async\" width=\"820\" height=\"1024\" src=\"https:\/\/sesamomoda.com\/wp-content\/uploads\/2022\/07\/287011480_5247894281972148_4237416549567117355_n-820x1024.jpg\" alt=\"\" class=\"wp-image-6805\" srcset=\"https:\/\/sesamomoda.com\/wp-content\/uploads\/2022\/07\/287011480_5247894281972148_4237416549567117355_n-820x1024.jpg 820w, https:\/\/sesamomoda.com\/wp-content\/uploads\/2022\/07\/287011480_5247894281972148_4237416549567117355_n-600x749.jpg 600w, https:\/\/sesamomoda.com\/wp-content\/uploads\/2022\/07\/287011480_5247894281972148_4237416549567117355_n-240x300.jpg 240w, https:\/\/sesamomoda.com\/wp-content\/uploads\/2022\/07\/287011480_5247894281972148_4237416549567117355_n-768x959.jpg 768w, https:\/\/sesamomoda.com\/wp-content\/uploads\/2022\/07\/287011480_5247894281972148_4237416549567117355_n-416x520.jpg 416w, https:\/\/sesamomoda.com\/wp-content\/uploads\/2022\/07\/287011480_5247894281972148_4237416549567117355_n.jpg 843w\" sizes=\"(max-width: 820px) 100vw, 820px\" \/><\/figure><\/div>\n\n\n\n<p class=\"has-text-align-center\">Viento que la derriba en ola sin espuma<\/p>\n\n\n\n<p class=\"has-text-align-center\">y sustancia sin peso, y fuegos inclinados.<\/p>\n\n\n\n<p class=\"has-text-align-center\">Se rompe y se sumerge su volumen de besos<\/p>\n\n\n\n<p class=\"has-text-align-center\">combatido en la puerta del viento del verano.<\/p>\n\n\n\n<p class=\"has-text-align-center\">P.Neruda<\/p>\n\n\n\n<p><\/p>\n\n\n\n<p>EXPERIENCE ha sido nuestra coleccion primavera verano 2022<\/p>","protected":false},"excerpt":{"rendered":"<p>Es la ma\u00f1ana llena de tempestad en el coraz\u00f3n del verano. Como pa\u00f1uelos blancos de adi\u00f3s viajan las nubes, el viento las sacude con sus viajeras manos. Innumerable coraz\u00f3n del viento latiendo sobre nuestro silencio enamorado. Zumbando entre los \u00e1rboles, orquestal y divino, como una lengua llena de guerras y de cantos. Viento que lleva [&hellip;]<\/p>\n","protected":false},"author":1,"featured_media":6499,"comment_status":"open","ping_status":"closed","sticky":false,"template":"","format":"standard","meta":{"_jetpack_memberships_contains_paid_content":false,"footnotes":""},"categories":[17],"tags":[309],"class_list":["post-6801","post","type-post","status-publish","format-standard","has-post-thumbnail","hentry","category-moda","tag-pepaloves-minueto-lawebdesmile"],"yoast_head":"<!-- This site is optimized with the Yoast SEO plugin v27.5 - https:\/\/yoast.com\/product\/yoast-seo-wordpress\/ -->\n<title>EXPERIENCE - Sesamo Moda<\/title>\n<meta name=\"robots\" content=\"index, follow, max-snippet:-1, max-image-preview:large, max-video-preview:-1\" \/>\n<link rel=\"canonical\" href=\"https:\/\/sesamomoda.com\/eus\/experience\/\" \/>\n<meta property=\"og:locale\" content=\"en_US\" \/>\n<meta property=\"og:type\" content=\"article\" \/>\n<meta property=\"og:title\" content=\"EXPERIENCE - Sesamo Moda\" \/>\n<meta property=\"og:description\" content=\"Es la ma\u00f1ana llena de tempestad en el coraz\u00f3n del verano. Como pa\u00f1uelos blancos de adi\u00f3s viajan las nubes, el viento las sacude con sus viajeras manos. Innumerable coraz\u00f3n del viento latiendo sobre nuestro silencio enamorado. Zumbando entre los \u00e1rboles, orquestal y divino, como una lengua llena de guerras y de cantos. Viento que lleva [&hellip;]\" \/>\n<meta property=\"og:url\" content=\"https:\/\/sesamomoda.com\/eus\/experience\/\" \/>\n<meta property=\"og:site_name\" content=\"Sesamo Moda\" \/>\n<meta property=\"article:publisher\" content=\"https:\/\/www.facebook.com\/SesamoModa\/\" \/>\n<meta property=\"article:author\" content=\"https:\/\/www.facebook.com\/SesamoModa\/\" \/>\n<meta property=\"article:published_time\" content=\"2022-07-27T17:12:29+00:00\" \/>\n<meta property=\"article:modified_time\" content=\"2022-07-27T17:12:30+00:00\" \/>\n<meta property=\"og:image\" content=\"https:\/\/sesamomoda.com\/wp-content\/uploads\/2022\/03\/sesamo-moda-primavera-verano-22.jpg\" \/>\n\t<meta property=\"og:image:width\" content=\"820\" \/>\n\t<meta property=\"og:image:height\" content=\"312\" \/>\n\t<meta property=\"og:image:type\" content=\"image\/jpeg\" \/>\n<meta name=\"author\" content=\"sesamomoda\" \/>\n<meta name=\"twitter:card\" content=\"summary_large_image\" \/>\n<meta name=\"twitter:label1\" content=\"Written by\" \/>\n\t<meta name=\"twitter:data1\" content=\"sesamomoda\" \/>\n\t<meta name=\"twitter:label2\" content=\"Est. reading time\" \/>\n\t<meta name=\"twitter:data2\" content=\"2 minutua\" \/>\n<script type=\"application\/ld+json\" class=\"yoast-schema-graph\">{\"@context\":\"https:\\\/\\\/schema.org\",\"@graph\":[{\"@type\":\"Article\",\"@id\":\"https:\\\/\\\/sesamomoda.com\\\/experience\\\/#article\",\"isPartOf\":{\"@id\":\"https:\\\/\\\/sesamomoda.com\\\/experience\\\/\"},\"author\":{\"name\":\"sesamomoda\",\"@id\":\"https:\\\/\\\/sesamomoda.com\\\/#\\\/schema\\\/person\\\/9cbaafd62486d78c4ee5df811060b29a\"},\"headline\":\"EXPERIENCE\",\"datePublished\":\"2022-07-27T17:12:29+00:00\",\"dateModified\":\"2022-07-27T17:12:30+00:00\",\"mainEntityOfPage\":{\"@id\":\"https:\\\/\\\/sesamomoda.com\\\/experience\\\/\"},\"wordCount\":118,\"commentCount\":0,\"publisher\":{\"@id\":\"https:\\\/\\\/sesamomoda.com\\\/#organization\"},\"image\":{\"@id\":\"https:\\\/\\\/sesamomoda.com\\\/experience\\\/#primaryimage\"},\"thumbnailUrl\":\"https:\\\/\\\/sesamomoda.com\\\/wp-content\\\/uploads\\\/2022\\\/03\\\/sesamo-moda-primavera-verano-22.jpg\",\"keywords\":[\"PEPALOVES; MINUETO; LAWEBDESMILE;\"],\"articleSection\":[\"MODA\"],\"inLanguage\":\"eu\",\"potentialAction\":[{\"@type\":\"CommentAction\",\"name\":\"Comment\",\"target\":[\"https:\\\/\\\/sesamomoda.com\\\/experience\\\/#respond\"]}]},{\"@type\":\"WebPage\",\"@id\":\"https:\\\/\\\/sesamomoda.com\\\/experience\\\/\",\"url\":\"https:\\\/\\\/sesamomoda.com\\\/experience\\\/\",\"name\":\"EXPERIENCE - Sesamo Moda\",\"isPartOf\":{\"@id\":\"https:\\\/\\\/sesamomoda.com\\\/#website\"},\"primaryImageOfPage\":{\"@id\":\"https:\\\/\\\/sesamomoda.com\\\/experience\\\/#primaryimage\"},\"image\":{\"@id\":\"https:\\\/\\\/sesamomoda.com\\\/experience\\\/#primaryimage\"},\"thumbnailUrl\":\"https:\\\/\\\/sesamomoda.com\\\/wp-content\\\/uploads\\\/2022\\\/03\\\/sesamo-moda-primavera-verano-22.jpg\",\"datePublished\":\"2022-07-27T17:12:29+00:00\",\"dateModified\":\"2022-07-27T17:12:30+00:00\",\"breadcrumb\":{\"@id\":\"https:\\\/\\\/sesamomoda.com\\\/experience\\\/#breadcrumb\"},\"inLanguage\":\"eu\",\"potentialAction\":[{\"@type\":\"ReadAction\",\"target\":[\"https:\\\/\\\/sesamomoda.com\\\/experience\\\/\"]}]},{\"@type\":\"ImageObject\",\"inLanguage\":\"eu\",\"@id\":\"https:\\\/\\\/sesamomoda.com\\\/experience\\\/#primaryimage\",\"url\":\"https:\\\/\\\/sesamomoda.com\\\/wp-content\\\/uploads\\\/2022\\\/03\\\/sesamo-moda-primavera-verano-22.jpg\",\"contentUrl\":\"https:\\\/\\\/sesamomoda.com\\\/wp-content\\\/uploads\\\/2022\\\/03\\\/sesamo-moda-primavera-verano-22.jpg\",\"width\":820,\"height\":312,\"caption\":\"sesamo moda primavera verano22\"},{\"@type\":\"BreadcrumbList\",\"@id\":\"https:\\\/\\\/sesamomoda.com\\\/experience\\\/#breadcrumb\",\"itemListElement\":[{\"@type\":\"ListItem\",\"position\":1,\"name\":\"Portada\",\"item\":\"https:\\\/\\\/sesamomoda.com\\\/\"},{\"@type\":\"ListItem\",\"position\":2,\"name\":\"EXPERIENCE\"}]},{\"@type\":\"WebSite\",\"@id\":\"https:\\\/\\\/sesamomoda.com\\\/#website\",\"url\":\"https:\\\/\\\/sesamomoda.com\\\/\",\"name\":\"Sesamo Moda\",\"description\":\"Sesamo Moda\",\"publisher\":{\"@id\":\"https:\\\/\\\/sesamomoda.com\\\/#organization\"},\"potentialAction\":[{\"@type\":\"SearchAction\",\"target\":{\"@type\":\"EntryPoint\",\"urlTemplate\":\"https:\\\/\\\/sesamomoda.com\\\/?s={search_term_string}\"},\"query-input\":{\"@type\":\"PropertyValueSpecification\",\"valueRequired\":true,\"valueName\":\"search_term_string\"}}],\"inLanguage\":\"eu\"},{\"@type\":\"Organization\",\"@id\":\"https:\\\/\\\/sesamomoda.com\\\/#organization\",\"name\":\"Sesamo Moda\",\"url\":\"https:\\\/\\\/sesamomoda.com\\\/\",\"logo\":{\"@type\":\"ImageObject\",\"inLanguage\":\"eu\",\"@id\":\"https:\\\/\\\/sesamomoda.com\\\/#\\\/schema\\\/logo\\\/image\\\/\",\"url\":\"https:\\\/\\\/sesamomoda.com\\\/wp-content\\\/uploads\\\/2023\\\/11\\\/cropped-Logo-sesamomoda_Mesa-de-trabajo-1.png\",\"contentUrl\":\"https:\\\/\\\/sesamomoda.com\\\/wp-content\\\/uploads\\\/2023\\\/11\\\/cropped-Logo-sesamomoda_Mesa-de-trabajo-1.png\",\"width\":1920,\"height\":397,\"caption\":\"Sesamo Moda\"},\"image\":{\"@id\":\"https:\\\/\\\/sesamomoda.com\\\/#\\\/schema\\\/logo\\\/image\\\/\"},\"sameAs\":[\"https:\\\/\\\/www.facebook.com\\\/SesamoModa\\\/\",\"https:\\\/\\\/www.instagram.com\\\/sesamomoda\\\/\"]},{\"@type\":\"Person\",\"@id\":\"https:\\\/\\\/sesamomoda.com\\\/#\\\/schema\\\/person\\\/9cbaafd62486d78c4ee5df811060b29a\",\"name\":\"sesamomoda\",\"image\":{\"@type\":\"ImageObject\",\"inLanguage\":\"eu\",\"@id\":\"https:\\\/\\\/secure.gravatar.com\\\/avatar\\\/524df008767a9ec49862e969a5b0f8b6a00b45512120a49482cffd62408dfe0e?s=96&d=mm&r=g\",\"url\":\"https:\\\/\\\/secure.gravatar.com\\\/avatar\\\/524df008767a9ec49862e969a5b0f8b6a00b45512120a49482cffd62408dfe0e?s=96&d=mm&r=g\",\"contentUrl\":\"https:\\\/\\\/secure.gravatar.com\\\/avatar\\\/524df008767a9ec49862e969a5b0f8b6a00b45512120a49482cffd62408dfe0e?s=96&d=mm&r=g\",\"caption\":\"sesamomoda\"},\"sameAs\":[\"http:\\\/\\\/www.sesamomoda.com\",\"https:\\\/\\\/www.facebook.com\\\/SesamoModa\\\/\"],\"url\":\"https:\\\/\\\/sesamomoda.com\\\/eus\\\/author\\\/sesamomoda\\\/\"}]}<\/script>\n<!-- \/ Yoast SEO plugin. -->","yoast_head_json":{"title":"EXPERIENCE - Sesamo Moda","robots":{"index":"index","follow":"follow","max-snippet":"max-snippet:-1","max-image-preview":"max-image-preview:large","max-video-preview":"max-video-preview:-1"},"canonical":"https:\/\/sesamomoda.com\/eus\/experience\/","og_locale":"en_US","og_type":"article","og_title":"EXPERIENCE - Sesamo Moda","og_description":"Es la ma\u00f1ana llena de tempestad en el coraz\u00f3n del verano. Como pa\u00f1uelos blancos de adi\u00f3s viajan las nubes, el viento las sacude con sus viajeras manos. Innumerable coraz\u00f3n del viento latiendo sobre nuestro silencio enamorado. Zumbando entre los \u00e1rboles, orquestal y divino, como una lengua llena de guerras y de cantos. Viento que lleva [&hellip;]","og_url":"https:\/\/sesamomoda.com\/eus\/experience\/","og_site_name":"Sesamo Moda","article_publisher":"https:\/\/www.facebook.com\/SesamoModa\/","article_author":"https:\/\/www.facebook.com\/SesamoModa\/","article_published_time":"2022-07-27T17:12:29+00:00","article_modified_time":"2022-07-27T17:12:30+00:00","og_image":[{"width":820,"height":312,"url":"https:\/\/sesamomoda.com\/wp-content\/uploads\/2022\/03\/sesamo-moda-primavera-verano-22.jpg","type":"image\/jpeg"}],"author":"sesamomoda","twitter_card":"summary_large_image","twitter_misc":{"Written by":"sesamomoda","Est. reading time":"2 minutua"},"schema":{"@context":"https:\/\/schema.org","@graph":[{"@type":"Article","@id":"https:\/\/sesamomoda.com\/experience\/#article","isPartOf":{"@id":"https:\/\/sesamomoda.com\/experience\/"},"author":{"name":"sesamomoda","@id":"https:\/\/sesamomoda.com\/#\/schema\/person\/9cbaafd62486d78c4ee5df811060b29a"},"headline":"EXPERIENCE","datePublished":"2022-07-27T17:12:29+00:00","dateModified":"2022-07-27T17:12:30+00:00","mainEntityOfPage":{"@id":"https:\/\/sesamomoda.com\/experience\/"},"wordCount":118,"commentCount":0,"publisher":{"@id":"https:\/\/sesamomoda.com\/#organization"},"image":{"@id":"https:\/\/sesamomoda.com\/experience\/#primaryimage"},"thumbnailUrl":"https:\/\/sesamomoda.com\/wp-content\/uploads\/2022\/03\/sesamo-moda-primavera-verano-22.jpg","keywords":["PEPALOVES; MINUETO; LAWEBDESMILE;"],"articleSection":["MODA"],"inLanguage":"eu","potentialAction":[{"@type":"CommentAction","name":"Comment","target":["https:\/\/sesamomoda.com\/experience\/#respond"]}]},{"@type":"WebPage","@id":"https:\/\/sesamomoda.com\/experience\/","url":"https:\/\/sesamomoda.com\/experience\/","name":"EXPERIENCE - Sesamo Moda","isPartOf":{"@id":"https:\/\/sesamomoda.com\/#website"},"primaryImageOfPage":{"@id":"https:\/\/sesamomoda.com\/experience\/#primaryimage"},"image":{"@id":"https:\/\/sesamomoda.com\/experience\/#primaryimage"},"thumbnailUrl":"https:\/\/sesamomoda.com\/wp-content\/uploads\/2022\/03\/sesamo-moda-primavera-verano-22.jpg","datePublished":"2022-07-27T17:12:29+00:00","dateModified":"2022-07-27T17:12:30+00:00","breadcrumb":{"@id":"https:\/\/sesamomoda.com\/experience\/#breadcrumb"},"inLanguage":"eu","potentialAction":[{"@type":"ReadAction","target":["https:\/\/sesamomoda.com\/experience\/"]}]},{"@type":"ImageObject","inLanguage":"eu","@id":"https:\/\/sesamomoda.com\/experience\/#primaryimage","url":"https:\/\/sesamomoda.com\/wp-content\/uploads\/2022\/03\/sesamo-moda-primavera-verano-22.jpg","contentUrl":"https:\/\/sesamomoda.com\/wp-content\/uploads\/2022\/03\/sesamo-moda-primavera-verano-22.jpg","width":820,"height":312,"caption":"sesamo moda primavera verano22"},{"@type":"BreadcrumbList","@id":"https:\/\/sesamomoda.com\/experience\/#breadcrumb","itemListElement":[{"@type":"ListItem","position":1,"name":"Portada","item":"https:\/\/sesamomoda.com\/"},{"@type":"ListItem","position":2,"name":"EXPERIENCE"}]},{"@type":"WebSite","@id":"https:\/\/sesamomoda.com\/#website","url":"https:\/\/sesamomoda.com\/","name":"Sesamo Moda","description":"Sesamo Moda","publisher":{"@id":"https:\/\/sesamomoda.com\/#organization"},"potentialAction":[{"@type":"SearchAction","target":{"@type":"EntryPoint","urlTemplate":"https:\/\/sesamomoda.com\/?s={search_term_string}"},"query-input":{"@type":"PropertyValueSpecification","valueRequired":true,"valueName":"search_term_string"}}],"inLanguage":"eu"},{"@type":"Organization","@id":"https:\/\/sesamomoda.com\/#organization","name":"Sesamo Moda","url":"https:\/\/sesamomoda.com\/","logo":{"@type":"ImageObject","inLanguage":"eu","@id":"https:\/\/sesamomoda.com\/#\/schema\/logo\/image\/","url":"https:\/\/sesamomoda.com\/wp-content\/uploads\/2023\/11\/cropped-Logo-sesamomoda_Mesa-de-trabajo-1.png","contentUrl":"https:\/\/sesamomoda.com\/wp-content\/uploads\/2023\/11\/cropped-Logo-sesamomoda_Mesa-de-trabajo-1.png","width":1920,"height":397,"caption":"Sesamo Moda"},"image":{"@id":"https:\/\/sesamomoda.com\/#\/schema\/logo\/image\/"},"sameAs":["https:\/\/www.facebook.com\/SesamoModa\/","https:\/\/www.instagram.com\/sesamomoda\/"]},{"@type":"Person","@id":"https:\/\/sesamomoda.com\/#\/schema\/person\/9cbaafd62486d78c4ee5df811060b29a","name":"sesamomoda","image":{"@type":"ImageObject","inLanguage":"eu","@id":"https:\/\/secure.gravatar.com\/avatar\/524df008767a9ec49862e969a5b0f8b6a00b45512120a49482cffd62408dfe0e?s=96&d=mm&r=g","url":"https:\/\/secure.gravatar.com\/avatar\/524df008767a9ec49862e969a5b0f8b6a00b45512120a49482cffd62408dfe0e?s=96&d=mm&r=g","contentUrl":"https:\/\/secure.gravatar.com\/avatar\/524df008767a9ec49862e969a5b0f8b6a00b45512120a49482cffd62408dfe0e?s=96&d=mm&r=g","caption":"sesamomoda"},"sameAs":["http:\/\/www.sesamomoda.com","https:\/\/www.facebook.com\/SesamoModa\/"],"url":"https:\/\/sesamomoda.com\/eus\/author\/sesamomoda\/"}]}},"jetpack_featured_media_url":"https:\/\/sesamomoda.com\/wp-content\/uploads\/2022\/03\/sesamo-moda-primavera-verano-22.jpg","jetpack_sharing_enabled":true,"_links":{"self":[{"href":"https:\/\/sesamomoda.com\/eus\/wp-json\/wp\/v2\/posts\/6801","targetHints":{"allow":["GET"]}}],"collection":[{"href":"https:\/\/sesamomoda.com\/eus\/wp-json\/wp\/v2\/posts"}],"about":[{"href":"https:\/\/sesamomoda.com\/eus\/wp-json\/wp\/v2\/types\/post"}],"author":[{"embeddable":true,"href":"https:\/\/sesamomoda.com\/eus\/wp-json\/wp\/v2\/users\/1"}],"replies":[{"embeddable":true,"href":"https:\/\/sesamomoda.com\/eus\/wp-json\/wp\/v2\/comments?post=6801"}],"version-history":[{"count":2,"href":"https:\/\/sesamomoda.com\/eus\/wp-json\/wp\/v2\/posts\/6801\/revisions"}],"predecessor-version":[{"id":6807,"href":"https:\/\/sesamomoda.com\/eus\/wp-json\/wp\/v2\/posts\/6801\/revisions\/6807"}],"wp:featuredmedia":[{"embeddable":true,"href":"https:\/\/sesamomoda.com\/eus\/wp-json\/wp\/v2\/media\/6499"}],"wp:attachment":[{"href":"https:\/\/sesamomoda.com\/eus\/wp-json\/wp\/v2\/media?parent=6801"}],"wp:term":[{"taxonomy":"category","embeddable":true,"href":"https:\/\/sesamomoda.com\/eus\/wp-json\/wp\/v2\/categories?post=6801"},{"taxonomy":"post_tag","embeddable":true,"href":"https:\/\/sesamomoda.com\/eus\/wp-json\/wp\/v2\/tags?post=6801"}],"curies":[{"name":"wp","href":"https:\/\/api.w.org\/{rel}","templated":true}]}}